{"id":298,"date":"2025-07-04T21:04:50","date_gmt":"2025-07-04T21:04:50","guid":{"rendered":"http:\/\/krolowapolskijanuszkowice.pl\/?p=298"},"modified":"2025-07-04T21:05:47","modified_gmt":"2025-07-04T21:05:47","slug":"modlitwa-za-rolnikow","status":"publish","type":"post","link":"http:\/\/krolowapolskijanuszkowice.pl\/?p=298","title":{"rendered":"Modlitwa za rolnik\u00f3w"},"content":{"rendered":"\n<figure class=\"wp-block-image size-large\"><img loading=\"lazy\" decoding=\"async\" width=\"1024\" height=\"187\" src=\"http:\/\/krolowapolskijanuszkowice.pl\/wp-content\/uploads\/2025\/07\/banner-offer-1-1024x187.webp\" alt=\"\" class=\"wp-image-295\" srcset=\"http:\/\/krolowapolskijanuszkowice.pl\/wp-content\/uploads\/2025\/07\/banner-offer-1-1024x187.webp 1024w, http:\/\/krolowapolskijanuszkowice.pl\/wp-content\/uploads\/2025\/07\/banner-offer-1-300x55.webp 300w, http:\/\/krolowapolskijanuszkowice.pl\/wp-content\/uploads\/2025\/07\/banner-offer-1-768x140.webp 768w, http:\/\/krolowapolskijanuszkowice.pl\/wp-content\/uploads\/2025\/07\/banner-offer-1-1536x280.webp 1536w, http:\/\/krolowapolskijanuszkowice.pl\/wp-content\/uploads\/2025\/07\/banner-offer-1-676x123.webp 676w, http:\/\/krolowapolskijanuszkowice.pl\/wp-content\/uploads\/2025\/07\/banner-offer-1.webp 1920w\" sizes=\"auto, (max-width: 1024px) 100vw, 1024px\" \/><\/figure>\n\n\n<h4 style=\"text-align: justify;\">Bo\u00ad\u017ce Oj\u00adcze nasz w\u00a0nie\u00adbie, Ty wiesz cze\u00adgo nam po\u00adtrze\u00adba do \u017cy\u00adcia god\u00adne\u00adgo lu\u00addzi. Ty po\u00adwie\u00adrzy\u00ad\u0142e\u015b cz\u0142o\u00adwie\u00adko\u00adwi zie\u00admi\u0119, aby j\u0105 upra\u00adwia\u0142 i\u00a0da\u00adrzysz go ziar\u00adnem do sie\u00adwu i\u00a0chle\u00adbem do wzmoc\u00adnie\u00adnia si\u0142; wej\u00adrzyj na trud wszyst\u00adkich pra\u00adcu\u00adj\u0105\u00adcych na ro\u00adli i\u00a0spraw swo\u00adim b\u0142o\u00adgo\u00ads\u0142a\u00adwie\u0144\u00adstwem, aby zie\u00admia przy\u00adno\u00adsi\u00ad\u0142a ocze\u00adki\u00adwa\u00adne plo\u00adny. Ze\u00ad\u015blij deszcz z\u00a0ob\u0142o\u00adk\u00f3w, aby u\u017cy\u017a\u00adni\u0142 zie\u00admi\u0119 i\u00a0okry\u0142 j\u0105 zie\u00adle\u00adni\u0105, udziel s\u0142o\u0144\u00adca, aby kwiat za\u00adowo\u00adco\u00adwa\u0142 i\u00a0doj\u00adrza\u00ad\u0142y owo\u00adce. Nie do\u00adzw\u00f3l aby plo\u00adny ule\u00adg\u0142y znisz\u00adcze\u00adniu, ale daj nam ob\u00adfi\u00adto\u015b\u0107 Two\u00adich da\u00adr\u00f3w. Spraw, aby wszy\u00adscy lu\u00addzie za\u00adcho\u00adwa\u00adli sza\u00adcu\u00adnek do owo\u00adc\u00f3w zie\u00admi. Do\u00adzw\u00f3l nam z\u00a0ze\u00adbra\u00adnych plo\u00adn\u00f3w na\u00adkar\u00admi\u0107 na\u00adsze ro\u00addzi\u00adny oraz po\u00addzie\u00adli\u0107 si\u0119 z\u00a0g\u0142od\u00adny\u00admi. Pro\u00adsi\u00admy Ci\u0119 ze\u00adchciej nam udzie\u00adli\u0107 tych da\u00adr\u00f3w, przez Ch\u00adry\u00adstu\u00adsa Pa\u00adna Na\u00adsze\u00adgo. Amen.<\/h4>","protected":false},"excerpt":{"rendered":"<p>Bo\u00ad\u017ce Oj\u00adcze nasz w\u00a0nie\u00adbie, Ty wiesz cze\u00adgo nam po\u00adtrze\u00adba do \u017cy\u00adcia god\u00adne\u00adgo lu\u00addzi. Ty po\u00adwie\u00adrzy\u00ad\u0142e\u015b cz\u0142o\u00adwie\u00adko\u00adwi zie\u00admi\u0119, aby j\u0105 upra\u00adwia\u0142 i\u00a0da\u00adrzysz go ziar\u00adnem do sie\u00adwu i\u00a0chle\u00adbem do wzmoc\u00adnie\u00adnia si\u0142; wej\u00adrzyj na trud wszyst\u00adkich pra\u00adcu\u00adj\u0105\u00adcych na ro\u00adli i\u00a0spraw swo\u00adim b\u0142o\u00adgo\u00ads\u0142a\u00adwie\u0144\u00adstwem, aby zie\u00admia przy\u00adno\u00adsi\u00ad\u0142a ocze\u00adki\u00adwa\u00adne plo\u00adny. Ze\u00ad\u015blij deszcz z\u00a0ob\u0142o\u00adk\u00f3w, aby u\u017cy\u017a\u00adni\u0142 zie\u00admi\u0119 i\u00a0okry\u0142 j\u0105 zie\u00adle\u00adni\u0105, udziel s\u0142o\u0144\u00adca, [&hellip;]<\/p>\n","protected":false},"author":1,"featured_media":0,"comment_status":"open","ping_status":"open","sticky":false,"template":"","format":"standard","meta":{"footnotes":""},"categories":[1],"tags":[],"class_list":["post-298","post","type-post","status-publish","format-standard","hentry","category-uncategorized","post-preview"],"_links":{"self":[{"href":"http:\/\/krolowapolskijanuszkowice.pl\/index.php?rest_route=\/wp\/v2\/posts\/298","targetHints":{"allow":["GET"]}}],"collection":[{"href":"http:\/\/krolowapolskijanuszkowice.pl\/index.php?rest_route=\/wp\/v2\/posts"}],"about":[{"href":"http:\/\/krolowapolskijanuszkowice.pl\/index.php?rest_route=\/wp\/v2\/types\/post"}],"author":[{"embeddable":true,"href":"http:\/\/krolowapolskijanuszkowice.pl\/index.php?rest_route=\/wp\/v2\/users\/1"}],"replies":[{"embeddable":true,"href":"http:\/\/krolowapolskijanuszkowice.pl\/index.php?rest_route=%2Fwp%2Fv2%2Fcomments&post=298"}],"version-history":[{"count":2,"href":"http:\/\/krolowapolskijanuszkowice.pl\/index.php?rest_route=\/wp\/v2\/posts\/298\/revisions"}],"predecessor-version":[{"id":300,"href":"http:\/\/krolowapolskijanuszkowice.pl\/index.php?rest_route=\/wp\/v2\/posts\/298\/revisions\/300"}],"wp:attachment":[{"href":"http:\/\/krolowapolskijanuszkowice.pl\/index.php?rest_route=%2Fwp%2Fv2%2Fmedia&parent=298"}],"wp:term":[{"taxonomy":"category","embeddable":true,"href":"http:\/\/krolowapolskijanuszkowice.pl\/index.php?rest_route=%2Fwp%2Fv2%2Fcategories&post=298"},{"taxonomy":"post_tag","embeddable":true,"href":"http:\/\/krolowapolskijanuszkowice.pl\/index.php?rest_route=%2Fwp%2Fv2%2Ftags&post=298"}],"curies":[{"name":"wp","href":"https:\/\/api.w.org\/{rel}","templated":true}]}}