{"id":135,"date":"2025-06-17T21:57:42","date_gmt":"2025-06-17T21:57:42","guid":{"rendered":"http:\/\/krolowapolskijanuszkowice.pl\/?p=135"},"modified":"2025-06-17T22:03:24","modified_gmt":"2025-06-17T22:03:24","slug":"135","status":"publish","type":"post","link":"http:\/\/krolowapolskijanuszkowice.pl\/?p=135","title":{"rendered":"Wa\u017cne"},"content":{"rendered":"<p style=\"text-align: center;\"><b>Instytut Ordo Iuris przygotowa\u0142 opini\u0119 na temat wliczania oceny z religii do \u015bredniej ocen na koniec roku szkolnego. Dokument powsta\u0142 z uwagi na stanowisko Ministerstwa Edukacji Narodowej, kt\u00f3re nie uznaje wyroku Trybuna\u0142u Konstytucyjnego nakazuj\u0105cego uwzgl\u0119dnianie oceny z religii w \u015bredniej ocen. W \u015bwietle wyroku TK z 22 maja, ocena z \u00a0religii musi by\u0107 wliczana do \u015bredniej ocen uczni\u00f3w. W przypadku zastosowania si\u0119 do bezprawnego stanowiska MEN, s\u0105dy czeka zalew pozw\u00f3w rodzic\u00f3w pokrzywdzonych uczni\u00f3w.<\/b><\/p>\n<p style=\"text-align: center;\"><a href=\"https:\/\/ordoiuris.pl\/sites\/default\/files\/inline-files\/Opinia_religia_5.pdf\" data-entity-type=\"file\" data-entity-uuid=\"416f7504-f0e6-4f45-acd8-6140bda5a4ea\"><b>POBIERZ OPINI\u0118\u00a0<\/b><strong>\u2013 LINK<\/strong><\/a><\/p>\n<p style=\"text-align: center;\">W opublikowanej opinii Instytut Ordo Iuris wskazuje, \u017ce szko\u0142y maj\u0105 obowi\u0105zek uwzgl\u0119dnienia oceny z religii przy ustalaniu \u015bredniej ko\u0144coworocznej.\u00a0Ucze\u0144, kt\u00f3ry nie otrzyma\u0142 wyr\u00f3\u017cnienia na \u015bwiadectwie z powodu nieuwzgl\u0119dnienia oceny z religii wbrew wyrokowi Trybuna\u0142u Konstytucyjnego, mo\u017ce wyst\u0105pi\u0107 o korekt\u0119 \u015bwiadectwa. Ponadto je\u015bli nieprzyj\u0119cie do preferowanej szko\u0142y \u015bredniej spowodowa\u0142o straty materialne (np. w wyniku ni\u017cszego poziomu nauczania w szkole, do kt\u00f3rej trafi\u0142) lub niematerialne (np. stres), ucze\u0144 mo\u017ce pr\u00f3bowa\u0107 dochodzi\u0107 odszkodowania lub zado\u015b\u0107uczynienia na podstawie przepis\u00f3w o ochronie d\u00f3br osobistych.<\/p>\n<p style=\"text-align: center;\"><b>Do opinii Instytut Ordo Iuris za\u0142\u0105cza tak\u017ce wz\u00f3r wniosku, kt\u00f3ry rodzice mog\u0105 z\u0142o\u017cy\u0107 w szkole swojego dziecka, aby za\u017c\u0105da\u0107 wliczania oceny z religii do \u015bredniej. Je\u015bli, pomimo z\u0142o\u017cenia takiego wniosku, te oceny nie zostan\u0105 wliczone do \u015bredniej ko\u0144coworocznej i b\u0119dzie to mia\u0142o konkretne, ujemne skutki dla dziecka, Instytut Ordo Iuris oferuje bezp\u0142atn\u0105 pomoc prawn\u0105.<\/b><\/p>\n<p style=\"text-align: center;\"><a href=\"https:\/\/ordoiuris.pl\/sites\/default\/files\/inline-files\/Wniosek_o_uwzglednienie_oceny_z_religii_przy_ustalaniu_sredniej.pdf\"><span style=\"font-family: Calibri, sans-serif;\"><b>POBIERZ WZ\u00d3R WNIOSKU O WLICZENIE OCENY DO \u015aREDNIEJ\u00a0<\/b><\/span><strong>\u2013 LINK<\/strong><\/a><\/p>\n<p style=\"text-align: center;\"><strong><a href=\"https:\/\/ordoiuris.pl\/sites\/default\/files\/inline-files\/Wniosek_o_wymiane_swiadectwa_ukonczenia_szkoly.pdf\" data-entity-type=\"file\" data-entity-uuid=\"a5d119d6-237f-42ac-80d9-fd286a62119f\">POBIERZ WZ\u00d3R WNIOSKU O WYMIAN\u0118 \u015aWIADECTWA UKO\u0143CZENIA SZKO\u0141Y\u00a0\u2013 LINK<\/a><\/strong><\/p>\n<p style=\"text-align: center;\"><strong><a href=\"https:\/\/ordoiuris.pl\/sites\/default\/files\/inline-files\/Wniosek_o_sprostowanie_swiadectwa.pdf\" data-entity-type=\"file\" data-entity-uuid=\"fb22259b-56da-4307-a86b-376c33ac6500\">POBIERZ WZ\u00d3R WNIOSKU O SPROSTOWANIE \u015aWIADECTWA\u00a0\u2013 LINK<\/a><\/strong><\/p>\n<p style=\"text-align: center;\">Rozporz\u0105dzenie zosta\u0142o wydane 22 marca 2024 r. Jednym z jego za\u0142o\u017ce\u0144 jest rezygnacja z uwzgl\u0119dniania w \u015bredniej ko\u0144coworocznej oceny z religii. Akt wszed\u0142 w \u017cycie 1 wrze\u015bnia 2024 r. W zwi\u0105zku z tym, wielu dyrektor\u00f3w szk\u00f3\u0142 mo\u017ce podj\u0105\u0107 b\u0142\u0119dn\u0105 decyzj\u0119 o tym, \u017ceby nie wlicza\u0107 oceny z religii do \u015bredniej. 22 maja 2025 r. Trybuna\u0142 Konstytucyjny <a href=\"https:\/\/trybunal.gov.pl\/postepowanie-i-orzeczenia\/wyroki\/art\/nauka-religii-w-publicznych-przedszkolach-i-szkolach-8\">uzna\u0142, \u017ce rozporz\u0105dzenie to jest niezgodne z Konstytucj\u0105<\/a>\u00a0\u201ew zakresie, w jakim nie uwzgl\u0119dnia oceny klasyfikacyjnej uzyskanej z religii w \u015bredniej ocen ucznia\u201d, gdy\u017c akt ten \u201ew tym zakresie zosta\u0142 wydany bez uzgodnienia i porozumienia z w\u0142adzami Ko\u015bcio\u0142a Katolickiego (Konferencj\u0105 Episkopatu Polski)\u201d.<\/p>\n","protected":false},"excerpt":{"rendered":"<p>Instytut Ordo Iuris przygotowa\u0142 opini\u0119 na temat wliczania oceny z religii do \u015bredniej ocen na koniec roku szkolnego. Dokument powsta\u0142 z uwagi na stanowisko Ministerstwa Edukacji Narodowej, kt\u00f3re nie uznaje wyroku Trybuna\u0142u Konstytucyjnego nakazuj\u0105cego uwzgl\u0119dnianie oceny z religii w \u015bredniej ocen. W \u015bwietle wyroku TK z 22 maja, ocena z \u00a0religii musi by\u0107 wliczana do [&hellip;]<\/p>\n","protected":false},"author":1,"featured_media":140,"comment_status":"open","ping_status":"open","sticky":false,"template":"","format":"standard","meta":{"footnotes":""},"categories":[1],"tags":[],"class_list":["post-135","post","type-post","status-publish","format-standard","has-post-thumbnail","hentry","category-uncategorized","post-preview"],"_links":{"self":[{"href":"http:\/\/krolowapolskijanuszkowice.pl\/index.php?rest_route=\/wp\/v2\/posts\/135","targetHints":{"allow":["GET"]}}],"collection":[{"href":"http:\/\/krolowapolskijanuszkowice.pl\/index.php?rest_route=\/wp\/v2\/posts"}],"about":[{"href":"http:\/\/krolowapolskijanuszkowice.pl\/index.php?rest_route=\/wp\/v2\/types\/post"}],"author":[{"embeddable":true,"href":"http:\/\/krolowapolskijanuszkowice.pl\/index.php?rest_route=\/wp\/v2\/users\/1"}],"replies":[{"embeddable":true,"href":"http:\/\/krolowapolskijanuszkowice.pl\/index.php?rest_route=%2Fwp%2Fv2%2Fcomments&post=135"}],"version-history":[{"count":4,"href":"http:\/\/krolowapolskijanuszkowice.pl\/index.php?rest_route=\/wp\/v2\/posts\/135\/revisions"}],"predecessor-version":[{"id":142,"href":"http:\/\/krolowapolskijanuszkowice.pl\/index.php?rest_route=\/wp\/v2\/posts\/135\/revisions\/142"}],"wp:featuredmedia":[{"embeddable":true,"href":"http:\/\/krolowapolskijanuszkowice.pl\/index.php?rest_route=\/wp\/v2\/media\/140"}],"wp:attachment":[{"href":"http:\/\/krolowapolskijanuszkowice.pl\/index.php?rest_route=%2Fwp%2Fv2%2Fmedia&parent=135"}],"wp:term":[{"taxonomy":"category","embeddable":true,"href":"http:\/\/krolowapolskijanuszkowice.pl\/index.php?rest_route=%2Fwp%2Fv2%2Fcategories&post=135"},{"taxonomy":"post_tag","embeddable":true,"href":"http:\/\/krolowapolskijanuszkowice.pl\/index.php?rest_route=%2Fwp%2Fv2%2Ftags&post=135"}],"curies":[{"name":"wp","href":"https:\/\/api.w.org\/{rel}","templated":true}]}}